{"id":35237,"date":"2026-05-01T09:59:00","date_gmt":"2026-05-01T07:59:00","guid":{"rendered":"https:\/\/arrangement-group.de\/?p=35237"},"modified":"2026-05-01T09:59:01","modified_gmt":"2026-05-01T07:59:01","slug":"die-lufthansa-stellt-ihre-regionalmarke-cityline-aufgrund-der-oelkrise-ein","status":"publish","type":"post","link":"https:\/\/arrangement-group.de\/?p=35237","title":{"rendered":"Die Lufthansa stellt ihre Regionalmarke CityLine aufgrund der \u00d6lkrise ein"},"content":{"rendered":"\n<p>Die Lufthansa hat angek\u00fcndigt, ihre Regionalmarke aufgrund des andauernden Krieges im Iran und der \u201edeutlich gestiegenen Kerosinpreise\u201c endg\u00fcltig einzustellen.<\/p>\n\n\n\n<p>Die Lufthansa erkl\u00e4rte, die Umsetzung der Unternehmensstrategie werde teilweise beschleunigt, was bedeute, dass die 27 Flugzeuge der Lufthansa CityLine dauerhaft aus dem Flugprogramm genommen w\u00fcrden.<\/p>\n\n\n\n<p>Dies trat am 18. April in Kraft, teilte das Unternehmen auf seiner Website mit, um \u201eweitere Verluste der defizit\u00e4ren Fluggesellschaft zu reduzieren\u201c.<\/p>\n\n\n\n<p>\u201eDie Canadair CRJ-Flugzeuge n\u00e4hern sich dem Ende ihrer technischen Einsatzf\u00e4higkeit und weisen vergleichsweise hohe Betriebskosten auf\u201c, hie\u00df es weiter.<\/p>\n\n\n\n<p>Die Strategie des Unternehmens beinhaltet auch eine Reduzierung der Langstreckenkapazit\u00e4t.&nbsp;<\/p>\n\n\n\n<p>Zum Ende des Sommerflugplans wird die Flotte nur noch aus sechs Interkontinentalflugzeugen bestehen.<\/p>\n\n\n\n<p>Die letzten vier verbleibenden Airbus A340-600 werden im Oktober aus der Flotte ausscheiden und damit die \u00c4ra dieses Flugzeugtyps bei der Lufthansa endg\u00fcltig beenden, hie\u00df es in der offiziellen Mitteilung des Unternehmens.<\/p>\n\n\n\n<p>&nbsp;\u201eDer endg\u00fcltige Abschied von diesem Flugzeugtyp ist f\u00fcr n\u00e4chstes Jahr geplant.\u201c<\/p>\n\n\n\n<p>Sind Sie fit f\u00fcr diese Zukunft?&nbsp;<\/p>\n\n\n\n<p>In Europa wartet ein v\u00f6llig neues Zeitalter auf Sie, welches durch den Mangel an \u00d6l und daraus resultierend an Nahrungsmitteln gekennzeichnet sein wird.&nbsp;<\/p>\n\n\n\n<p>Das wird aber nur dann wirklich dramatisch werden, wenn man diesen epochalen Wandel vollkommen verschl\u00e4ft.&nbsp;<\/p>\n\n\n\n<p>Es tun sich in solchen Situationen jedoch immer neue M\u00f6glichkeiten auf, welche man aber rechtzeitig erkennen sollte, bevor es zu sp\u00e4t ist.&nbsp;<\/p>\n","protected":false},"excerpt":{"rendered":"<p>Die Lufthansa hat angek\u00fcndigt, ihre Regionalmarke aufgrund des andauernden Krieges im Iran und der \u201edeutlich gestiegenen Kerosinpreise\u201c endg\u00fcltig einzustellen. Die Lufthansa erkl\u00e4rte, die Umsetzung der Unternehmensstrategie werde teilweise beschleunigt, was bedeute, dass die 27 Flugzeuge der Lufthansa CityLine dauerhaft aus dem Flugprogramm genommen w\u00fcrden. Dies trat am 18. April in Kraft, teilte das Unternehmen auf [&hellip;]<\/p>\n","protected":false},"author":1,"featured_media":35198,"comment_status":"open","ping_status":"open","sticky":false,"template":"","format":"standard","meta":{"powered_cache_disable_cache":false,"footnotes":""},"categories":[10275],"tags":[],"class_list":["post-35237","post","type-post","status-publish","format-standard","has-post-thumbnail","hentry","category-nachhilfe"],"_links":{"self":[{"href":"https:\/\/arrangement-group.de\/index.php?rest_route=\/wp\/v2\/posts\/35237","targetHints":{"allow":["GET"]}}],"collection":[{"href":"https:\/\/arrangement-group.de\/index.php?rest_route=\/wp\/v2\/posts"}],"about":[{"href":"https:\/\/arrangement-group.de\/index.php?rest_route=\/wp\/v2\/types\/post"}],"author":[{"embeddable":true,"href":"https:\/\/arrangement-group.de\/index.php?rest_route=\/wp\/v2\/users\/1"}],"replies":[{"embeddable":true,"href":"https:\/\/arrangement-group.de\/index.php?rest_route=%2Fwp%2Fv2%2Fcomments&post=35237"}],"version-history":[{"count":1,"href":"https:\/\/arrangement-group.de\/index.php?rest_route=\/wp\/v2\/posts\/35237\/revisions"}],"predecessor-version":[{"id":35238,"href":"https:\/\/arrangement-group.de\/index.php?rest_route=\/wp\/v2\/posts\/35237\/revisions\/35238"}],"wp:featuredmedia":[{"embeddable":true,"href":"https:\/\/arrangement-group.de\/index.php?rest_route=\/wp\/v2\/media\/35198"}],"wp:attachment":[{"href":"https:\/\/arrangement-group.de\/index.php?rest_route=%2Fwp%2Fv2%2Fmedia&parent=35237"}],"wp:term":[{"taxonomy":"category","embeddable":true,"href":"https:\/\/arrangement-group.de\/index.php?rest_route=%2Fwp%2Fv2%2Fcategories&post=35237"},{"taxonomy":"post_tag","embeddable":true,"href":"https:\/\/arrangement-group.de\/index.php?rest_route=%2Fwp%2Fv2%2Ftags&post=35237"}],"curies":[{"name":"wp","href":"https:\/\/api.w.org\/{rel}","templated":true}]}}